{"id":1799,"date":"2023-05-23T09:36:24","date_gmt":"2023-05-23T09:36:24","guid":{"rendered":"https:\/\/etikgraf.hr\/preiner3\/"},"modified":"2024-08-09T19:40:13","modified_gmt":"2024-08-09T17:40:13","slug":"preiner3-2","status":"publish","type":"post","link":"https:\/\/etikgraf.hr\/it\/preiner3-2\/","title":{"rendered":"Preiner III &#8211; eleganza semplice che parla pi\u00f9 delle parole."},"content":{"rendered":"<section class=\"l-section wpb_row height_small\"><div class=\"l-section-h i-cf\"><div class=\"g-cols vc_row via_grid cols_1 laptops-cols_inherit tablets-cols_inherit mobiles-cols_1 valign_top type_default stacking_default\"><div class=\"wpb_column vc_column_container\"><div class=\"vc_column-inner\"><div class=\"wpb_text_column\"><div class=\"wpb_wrapper\"><p><strong>Dalla cantina gestita da tre generazioni arriva il Preiner III, un blend di tre variet\u00e0, alcune delle quali specifiche per la micro-localit\u00e0 della cantina. Tradizione, qualit\u00e0 ed eleganza: i tre pilastri fondamentali dei valori del <a href=\"https:\/\/vina-preiner.hr\/\">Vino Preiner<\/a>, incarnati in questo vino speciale e nel suo packaging.<\/strong><\/p>\n<p><!--more--><\/p>\n<p><img decoding=\"async\" class=\"aligncenter\" src=\"https:\/\/etikgraf.hr\/wp-content\/uploads\/2023\/01\/Preiner-wines-III-2.jpg\" \/><\/p>\n<p>L&#8217;idea che il design sia completo solo quando non si pu\u00f2 togliere nulla, ha guidato lo Studio Leon K. nella creazione dell&#8217;etichetta, con l&#8217;obiettivo di ottenere una semplice eleganza che parla pi\u00f9 delle parole.<\/p>\n<\/div><\/div><div class=\"wpb_text_column infobox\"><div class=\"wpb_wrapper\"><p>L&#8217;identit\u00e0 visiva del Vino Preiner \u00e8 ispirata all&#8217;architettura classica, e gli elementi sono stati utilizzati anche per il Preiner III. Due materiali precisamente congiunti ricreano la struttura e la dimensione di una colonna con scanalature incise. L&#8217;unico elemento grafico presente sull&#8217;etichetta \u00e8 la numerazione: ogni bottiglia porta un numero unico impresso in lamina di bronzo che sembra essere scolpito nella pietra.<\/p>\n<\/div><\/div><div class=\"w-image align_none\"><div class=\"w-image-h\"><img decoding=\"async\" width=\"1024\" height=\"768\" src=\"https:\/\/etikgraf.hr\/wp-content\/uploads\/2022\/08\/Preiner-wines-III-03-1024x768.jpg\" class=\"attachment-large size-large\" alt=\"Etikgraf - Preiner III\" loading=\"lazy\" srcset=\"https:\/\/etikgraf.hr\/wp-content\/uploads\/2022\/08\/Preiner-wines-III-03-1024x768.jpg 1024w, https:\/\/etikgraf.hr\/wp-content\/uploads\/2022\/08\/Preiner-wines-III-03-300x225.jpg 300w\" sizes=\"auto, (max-width: 1024px) 100vw, 1024px\" \/><\/div><\/div><div class=\"wpb_text_column\"><div class=\"wpb_wrapper\"><p>Il risultato \u00e8 un&#8217;etichetta apparentemente semplice, ma tecnicamente impegnativa, per un vino complesso, che trasforma la bottiglia in una colonna greca.<\/p>\n<\/div><\/div><\/div><\/div><\/div><\/div><\/section>\n","protected":false},"excerpt":{"rendered":"<p>Dalla cantina gestita da tre generazioni arriva il Preiner III, un blend di tre variet\u00e0, alcune delle quali specifiche per la micro-localit\u00e0 della cantina. Tradizione, qualit\u00e0 ed eleganza: i tre pilastri fondamentali dei valori del Vino Preiner, incarnati in questo vino speciale e nel suo packaging.<\/p>\n","protected":false},"author":3,"featured_media":1690,"comment_status":"closed","ping_status":"closed","sticky":false,"template":"","format":"standard","meta":{"_acf_changed":false,"footnotes":""},"categories":[51],"tags":[63,61,65,52,53,62,54,55,56],"class_list":["post-1799","post","type-post","status-publish","format-standard","has-post-thumbnail","hentry","category-blog","tag-disegno","tag-etichette","tag-etichette-autoadesive","tag-etikete-it","tag-nagrada-it","tag-premio","tag-tisak-it","tag-vino-it","tag-vinske-etikete-it"],"acf":[],"_links":{"self":[{"href":"https:\/\/etikgraf.hr\/it\/wp-json\/wp\/v2\/posts\/1799","targetHints":{"allow":["GET"]}}],"collection":[{"href":"https:\/\/etikgraf.hr\/it\/wp-json\/wp\/v2\/posts"}],"about":[{"href":"https:\/\/etikgraf.hr\/it\/wp-json\/wp\/v2\/types\/post"}],"author":[{"embeddable":true,"href":"https:\/\/etikgraf.hr\/it\/wp-json\/wp\/v2\/users\/3"}],"replies":[{"embeddable":true,"href":"https:\/\/etikgraf.hr\/it\/wp-json\/wp\/v2\/comments?post=1799"}],"version-history":[{"count":4,"href":"https:\/\/etikgraf.hr\/it\/wp-json\/wp\/v2\/posts\/1799\/revisions"}],"predecessor-version":[{"id":3204,"href":"https:\/\/etikgraf.hr\/it\/wp-json\/wp\/v2\/posts\/1799\/revisions\/3204"}],"wp:featuredmedia":[{"embeddable":true,"href":"https:\/\/etikgraf.hr\/it\/wp-json\/wp\/v2\/media\/1690"}],"wp:attachment":[{"href":"https:\/\/etikgraf.hr\/it\/wp-json\/wp\/v2\/media?parent=1799"}],"wp:term":[{"taxonomy":"category","embeddable":true,"href":"https:\/\/etikgraf.hr\/it\/wp-json\/wp\/v2\/categories?post=1799"},{"taxonomy":"post_tag","embeddable":true,"href":"https:\/\/etikgraf.hr\/it\/wp-json\/wp\/v2\/tags?post=1799"}],"curies":[{"name":"wp","href":"https:\/\/api.w.org\/{rel}","templated":true}]}}